{"id":971,"date":"2017-06-09T12:43:45","date_gmt":"2017-06-09T11:43:45","guid":{"rendered":"https:\/\/chiarifoundationbcn.com\/en\/?p=971"},"modified":"2017-11-06T16:57:03","modified_gmt":"2017-11-06T15:57:03","slug":"in-memory-of-dr-juan-sole-llenas","status":"publish","type":"post","link":"https:\/\/chiarifoundationbcn.com\/en\/in-memory-of-dr-juan-sole-llenas\/","title":{"rendered":"In memory of Dr. Juan Sol\u00e9 Llenas"},"content":{"rendered":"<div align=\"center\"><img decoding=\"async\" loading=\"lazy\" src=\"https:\/\/chiarifoundationbcn.com\/en\/wp-content\/uploads\/2016\/12\/qssolellenas.jpg\" width=\"315\" height=\"auto\" alt=\"\" align=\"center\" class=\"img-responsive alignnone size-full wp-image-92\" align=\"center\"\/><\/div>\n<p>&nbsp;<br \/>\nThe &#8220;Chiari &#038; Scoliosis &#038; Syringomyelia Fundaci\u00f3 Privada&#8221;, communicates that our trustee, Dr. Juan Sol\u00e9 Llenas, former director of the &#8220;Institut Neurol\u00f2gic de Barcelona&#8221; and author of the first book of Neuroradiology in Spanish, passed away on May 4, 2017.<br \/>\n&nbsp;<br \/>\nThe Foundation has expressed its deepest gratitude to his relatives, and now does it publicly  for his work, dedication and constant help in achieving the foundational purposes of the Foundation.<br \/>\n&nbsp;<br \/>\nAlso, we want to show our admiration by attaching this link <a href=\"http:\/\/www.galeriametges.cat\/galeria-fitxa.php?icod=MDJ\" target=\"_blank\">link<\/a> regarding his biography.<\/p>\n<p><a href=\"http:\/\/www.galeriametges.cat\/galeria-fitxa.php?icod=MDJ\" target=\"_blank\">http:\/\/www.galeriametges.cat\/galeria-fitxa.php?icod=MDJ<\/a><\/p>\n","protected":false},"excerpt":{"rendered":"<p>&nbsp; The &#8220;Chiari &#038; Scoliosis &#038; Syringomyelia Fundaci\u00f3 Privada&#8221;, communicates that our trustee, Dr. Juan Sol\u00e9 Llenas, former director of the &#8220;Institut Neurol\u00f2gic de Barcelona&#8221; and author of the first book of Neuroradiology in Spanish, passed away on May 4, 2017. &nbsp; The Foundation has expressed its deepest gratitude to his relatives, and now does&#8230; &nbsp;<\/p>\n<p><a style=\"margin-top:20px;margin\" class=\"btn btn-default fade-hover\" role=\"button\" href=\"https:\/\/chiarifoundationbcn.com\/en\/in-memory-of-dr-juan-sole-llenas\/\"> Read more &rarr;<\/a><\/p>\n","protected":false},"author":1,"featured_media":972,"comment_status":"open","ping_status":"open","sticky":false,"template":"","format":"standard","meta":[],"categories":[5],"tags":[],"yoast_head":"<!-- This site is optimized with the Yoast SEO plugin v20.2.1 - https:\/\/yoast.com\/wordpress\/plugins\/seo\/ -->\n<title>In memory of Dr. Juan Sol\u00e9 Llenas | CSSF<\/title>\n<meta name=\"robots\" content=\"index, follow, max-snippet:-1, max-image-preview:large, max-video-preview:-1\" \/>\n<link rel=\"canonical\" href=\"https:\/\/chiarifoundationbcn.com\/en\/in-memory-of-dr-juan-sole-llenas\/\" \/>\n<meta property=\"og:locale\" content=\"en_US\" \/>\n<meta property=\"og:type\" content=\"article\" \/>\n<meta property=\"og:title\" content=\"In memory of Dr. Juan Sol\u00e9 Llenas | CSSF\" \/>\n<meta property=\"og:description\" content=\"&nbsp; The &#8220;Chiari &#038; Scoliosis &#038; Syringomyelia Fundaci\u00f3 Privada&#8221;, communicates that our trustee, Dr. Juan Sol\u00e9 Llenas, former director of the &#8220;Institut Neurol\u00f2gic de Barcelona&#8221; and author of the first book of Neuroradiology in Spanish, passed away on May 4, 2017. &nbsp; The Foundation has expressed its deepest gratitude to his relatives, and now does... &nbsp; Read more &rarr;\" \/>\n<meta property=\"og:url\" content=\"https:\/\/chiarifoundationbcn.com\/en\/in-memory-of-dr-juan-sole-llenas\/\" \/>\n<meta property=\"og:site_name\" content=\"CSSF\" \/>\n<meta property=\"article:publisher\" content=\"https:\/\/www.facebook.com\/CSSfoundation\/\" \/>\n<meta property=\"article:published_time\" content=\"2017-06-09T11:43:45+00:00\" \/>\n<meta property=\"article:modified_time\" content=\"2017-11-06T15:57:03+00:00\" \/>\n<meta property=\"og:image\" content=\"https:\/\/chiarifoundationbcn.com\/en\/wp-content\/uploads\/2017\/06\/qssolellenas.jpg\" \/>\n\t<meta property=\"og:image:width\" content=\"300\" \/>\n\t<meta property=\"og:image:height\" content=\"400\" \/>\n\t<meta property=\"og:image:type\" content=\"image\/jpeg\" \/>\n<meta name=\"author\" content=\"CSSF\" \/>\n<meta name=\"twitter:card\" content=\"summary_large_image\" \/>\n<meta name=\"twitter:label1\" content=\"Written by\" \/>\n\t<meta name=\"twitter:data1\" content=\"CSSF\" \/>\n<script type=\"application\/ld+json\" class=\"yoast-schema-graph\">{\"@context\":\"https:\/\/schema.org\",\"@graph\":[{\"@type\":\"WebPage\",\"@id\":\"https:\/\/chiarifoundationbcn.com\/en\/in-memory-of-dr-juan-sole-llenas\/\",\"url\":\"https:\/\/chiarifoundationbcn.com\/en\/in-memory-of-dr-juan-sole-llenas\/\",\"name\":\"In memory of Dr. Juan Sol\u00e9 Llenas | CSSF\",\"isPartOf\":{\"@id\":\"https:\/\/chiarifoundationbcn.com\/en\/#website\"},\"datePublished\":\"2017-06-09T11:43:45+00:00\",\"dateModified\":\"2017-11-06T15:57:03+00:00\",\"author\":{\"@id\":\"https:\/\/chiarifoundationbcn.com\/en\/#\/schema\/person\/ebf49ea014a63e27234bd8f158b3ef44\"},\"breadcrumb\":{\"@id\":\"https:\/\/chiarifoundationbcn.com\/en\/in-memory-of-dr-juan-sole-llenas\/#breadcrumb\"},\"inLanguage\":\"en-US\",\"potentialAction\":[{\"@type\":\"ReadAction\",\"target\":[\"https:\/\/chiarifoundationbcn.com\/en\/in-memory-of-dr-juan-sole-llenas\/\"]}]},{\"@type\":\"BreadcrumbList\",\"@id\":\"https:\/\/chiarifoundationbcn.com\/en\/in-memory-of-dr-juan-sole-llenas\/#breadcrumb\",\"itemListElement\":[{\"@type\":\"ListItem\",\"position\":1,\"name\":\"Portada\",\"item\":\"https:\/\/chiarifoundationbcn.com\/en\/\"},{\"@type\":\"ListItem\",\"position\":2,\"name\":\"In memory of Dr. Juan Sol\u00e9 Llenas\"}]},{\"@type\":\"WebSite\",\"@id\":\"https:\/\/chiarifoundationbcn.com\/en\/#website\",\"url\":\"https:\/\/chiarifoundationbcn.com\/en\/\",\"name\":\"CSSF\",\"description\":\"Chiari Scoliosis Syriangomyelia Fundaci\u00f3n\",\"potentialAction\":[{\"@type\":\"SearchAction\",\"target\":{\"@type\":\"EntryPoint\",\"urlTemplate\":\"https:\/\/chiarifoundationbcn.com\/en\/?s={search_term_string}\"},\"query-input\":\"required name=search_term_string\"}],\"inLanguage\":\"en-US\"},{\"@type\":\"Person\",\"@id\":\"https:\/\/chiarifoundationbcn.com\/en\/#\/schema\/person\/ebf49ea014a63e27234bd8f158b3ef44\",\"name\":\"CSSF\",\"image\":{\"@type\":\"ImageObject\",\"inLanguage\":\"en-US\",\"@id\":\"https:\/\/chiarifoundationbcn.com\/en\/#\/schema\/person\/image\/\",\"url\":\"https:\/\/secure.gravatar.com\/avatar\/f71083d5412d773574e12745e132982d?s=96&d=mm&r=g\",\"contentUrl\":\"https:\/\/secure.gravatar.com\/avatar\/f71083d5412d773574e12745e132982d?s=96&d=mm&r=g\",\"caption\":\"CSSF\"}}]}<\/script>\n<!-- \/ Yoast SEO plugin. -->","yoast_head_json":{"title":"In memory of Dr. Juan Sol\u00e9 Llenas | CSSF","robots":{"index":"index","follow":"follow","max-snippet":"max-snippet:-1","max-image-preview":"max-image-preview:large","max-video-preview":"max-video-preview:-1"},"canonical":"https:\/\/chiarifoundationbcn.com\/en\/in-memory-of-dr-juan-sole-llenas\/","og_locale":"en_US","og_type":"article","og_title":"In memory of Dr. Juan Sol\u00e9 Llenas | CSSF","og_description":"&nbsp; The &#8220;Chiari &#038; Scoliosis &#038; Syringomyelia Fundaci\u00f3 Privada&#8221;, communicates that our trustee, Dr. Juan Sol\u00e9 Llenas, former director of the &#8220;Institut Neurol\u00f2gic de Barcelona&#8221; and author of the first book of Neuroradiology in Spanish, passed away on May 4, 2017. &nbsp; The Foundation has expressed its deepest gratitude to his relatives, and now does... &nbsp; Read more &rarr;","og_url":"https:\/\/chiarifoundationbcn.com\/en\/in-memory-of-dr-juan-sole-llenas\/","og_site_name":"CSSF","article_publisher":"https:\/\/www.facebook.com\/CSSfoundation\/","article_published_time":"2017-06-09T11:43:45+00:00","article_modified_time":"2017-11-06T15:57:03+00:00","og_image":[{"width":300,"height":400,"url":"https:\/\/chiarifoundationbcn.com\/en\/wp-content\/uploads\/2017\/06\/qssolellenas.jpg","type":"image\/jpeg"}],"author":"CSSF","twitter_card":"summary_large_image","twitter_misc":{"Written by":"CSSF"},"schema":{"@context":"https:\/\/schema.org","@graph":[{"@type":"WebPage","@id":"https:\/\/chiarifoundationbcn.com\/en\/in-memory-of-dr-juan-sole-llenas\/","url":"https:\/\/chiarifoundationbcn.com\/en\/in-memory-of-dr-juan-sole-llenas\/","name":"In memory of Dr. Juan Sol\u00e9 Llenas | CSSF","isPartOf":{"@id":"https:\/\/chiarifoundationbcn.com\/en\/#website"},"datePublished":"2017-06-09T11:43:45+00:00","dateModified":"2017-11-06T15:57:03+00:00","author":{"@id":"https:\/\/chiarifoundationbcn.com\/en\/#\/schema\/person\/ebf49ea014a63e27234bd8f158b3ef44"},"breadcrumb":{"@id":"https:\/\/chiarifoundationbcn.com\/en\/in-memory-of-dr-juan-sole-llenas\/#breadcrumb"},"inLanguage":"en-US","potentialAction":[{"@type":"ReadAction","target":["https:\/\/chiarifoundationbcn.com\/en\/in-memory-of-dr-juan-sole-llenas\/"]}]},{"@type":"BreadcrumbList","@id":"https:\/\/chiarifoundationbcn.com\/en\/in-memory-of-dr-juan-sole-llenas\/#breadcrumb","itemListElement":[{"@type":"ListItem","position":1,"name":"Portada","item":"https:\/\/chiarifoundationbcn.com\/en\/"},{"@type":"ListItem","position":2,"name":"In memory of Dr. Juan Sol\u00e9 Llenas"}]},{"@type":"WebSite","@id":"https:\/\/chiarifoundationbcn.com\/en\/#website","url":"https:\/\/chiarifoundationbcn.com\/en\/","name":"CSSF","description":"Chiari Scoliosis Syriangomyelia Fundaci\u00f3n","potentialAction":[{"@type":"SearchAction","target":{"@type":"EntryPoint","urlTemplate":"https:\/\/chiarifoundationbcn.com\/en\/?s={search_term_string}"},"query-input":"required name=search_term_string"}],"inLanguage":"en-US"},{"@type":"Person","@id":"https:\/\/chiarifoundationbcn.com\/en\/#\/schema\/person\/ebf49ea014a63e27234bd8f158b3ef44","name":"CSSF","image":{"@type":"ImageObject","inLanguage":"en-US","@id":"https:\/\/chiarifoundationbcn.com\/en\/#\/schema\/person\/image\/","url":"https:\/\/secure.gravatar.com\/avatar\/f71083d5412d773574e12745e132982d?s=96&d=mm&r=g","contentUrl":"https:\/\/secure.gravatar.com\/avatar\/f71083d5412d773574e12745e132982d?s=96&d=mm&r=g","caption":"CSSF"}}]}},"_links":{"self":[{"href":"https:\/\/chiarifoundationbcn.com\/en\/wp-json\/wp\/v2\/posts\/971"}],"collection":[{"href":"https:\/\/chiarifoundationbcn.com\/en\/wp-json\/wp\/v2\/posts"}],"about":[{"href":"https:\/\/chiarifoundationbcn.com\/en\/wp-json\/wp\/v2\/types\/post"}],"author":[{"embeddable":true,"href":"https:\/\/chiarifoundationbcn.com\/en\/wp-json\/wp\/v2\/users\/1"}],"replies":[{"embeddable":true,"href":"https:\/\/chiarifoundationbcn.com\/en\/wp-json\/wp\/v2\/comments?post=971"}],"version-history":[{"count":14,"href":"https:\/\/chiarifoundationbcn.com\/en\/wp-json\/wp\/v2\/posts\/971\/revisions"}],"predecessor-version":[{"id":1395,"href":"https:\/\/chiarifoundationbcn.com\/en\/wp-json\/wp\/v2\/posts\/971\/revisions\/1395"}],"wp:featuredmedia":[{"embeddable":true,"href":"https:\/\/chiarifoundationbcn.com\/en\/wp-json\/wp\/v2\/media\/972"}],"wp:attachment":[{"href":"https:\/\/chiarifoundationbcn.com\/en\/wp-json\/wp\/v2\/media?parent=971"}],"wp:term":[{"taxonomy":"category","embeddable":true,"href":"https:\/\/chiarifoundationbcn.com\/en\/wp-json\/wp\/v2\/categories?post=971"},{"taxonomy":"post_tag","embeddable":true,"href":"https:\/\/chiarifoundationbcn.com\/en\/wp-json\/wp\/v2\/tags?post=971"}],"curies":[{"name":"wp","href":"https:\/\/api.w.org\/{rel}","templated":true}]}}